{"id":602,"date":"2026-08-29T07:54:50","date_gmt":"2026-08-29T05:54:50","guid":{"rendered":"https:\/\/nemo.hu\/blackvelvet\/?p=602"},"modified":"2026-08-29T07:54:50","modified_gmt":"2026-08-29T05:54:50","slug":"reka-es-bela","status":"publish","type":"post","link":"https:\/\/nemo.hu\/blackvelvet\/reka-es-bela\/","title":{"rendered":"R\u00e9ka \u00e9s B\u00e9la"},"content":{"rendered":"\n<p class=\"wp-block-paragraph\">Kedves Black Velvet Zenekar!<\/p>\n\n\n\n<p class=\"wp-block-paragraph\">Szeretn\u00e9nk megk\u00f6sz\u00f6nni neked \u00e9s az eg\u00e9sz&nbsp;zenekarnak az esk\u00fcv\u0151nk\u00f6n val\u00f3 k\u00f6zrem\u0171k\u00f6d\u00e9st!<\/p>\n\n\n\n<p class=\"wp-block-paragraph\">Fergeteges hangulatot var\u00e1zsoltatok nek\u00fcnk az est\u00e9re, a dalv\u00e1laszt\u00e1sok pedig eszm\u00e9letlen j\u00f3ra siker\u00fcltek. Mi m\u00e9g ennyit sosem t\u00e1ncoltunk egy huzamban.<\/p>\n\n\n\n<p class=\"wp-block-paragraph\">Mi &#8211; \u00e9s a vend\u00e9geink is &#8211; nagyon j\u00f3l \u00e9rezt\u00fck magunkat!<\/p>\n\n\n\n<p class=\"wp-block-paragraph\">Ha \u00fajra kellene kezdeni a szervez\u00e9st, akkor is titeket v\u00e1lasztan\u00e1nk zenekarunknak.<\/p>\n\n\n\n<p class=\"wp-block-paragraph\">K\u00f6sz\u00f6n\u00fcnk mindent!<\/p>\n\n\n\n<p class=\"wp-block-paragraph\">R\u00e9ka&nbsp;\u00e9s B\u00e9la<\/p>\n","protected":false},"excerpt":{"rendered":"<p>Kedves Black Velvet Zenekar! Szeretn\u00e9nk megk\u00f6sz\u00f6nni neked \u00e9s az eg\u00e9sz&nbsp;zenekarnak az esk\u00fcv\u0151nk\u00f6n val\u00f3 k\u00f6zrem\u0171k\u00f6d\u00e9st! Fergeteges hangulatot var\u00e1zsoltatok nek\u00fcnk az est\u00e9re, a dalv\u00e1laszt\u00e1sok pedig eszm\u00e9letlen j\u00f3ra siker\u00fcltek. Mi m\u00e9g ennyit sosem t\u00e1ncoltunk egy huzamban. Mi &#8211; \u00e9s a vend\u00e9geink is &#8211; nagyon j\u00f3l \u00e9rezt\u00fck magunkat! Ha \u00fajra kellene kezdeni a szervez\u00e9st, akkor is titeket v\u00e1lasztan\u00e1nk zenekarunknak. [&hellip;]<\/p>\n","protected":false},"author":2,"featured_media":603,"comment_status":"open","ping_status":"open","sticky":false,"template":"","format":"standard","meta":{"footnotes":""},"categories":[7],"tags":[],"class_list":["post-602","post","type-post","status-publish","format-standard","has-post-thumbnail","hentry","category-rolunk-irtak"],"_links":{"self":[{"href":"https:\/\/nemo.hu\/blackvelvet\/wp-json\/wp\/v2\/posts\/602","targetHints":{"allow":["GET"]}}],"collection":[{"href":"https:\/\/nemo.hu\/blackvelvet\/wp-json\/wp\/v2\/posts"}],"about":[{"href":"https:\/\/nemo.hu\/blackvelvet\/wp-json\/wp\/v2\/types\/post"}],"author":[{"embeddable":true,"href":"https:\/\/nemo.hu\/blackvelvet\/wp-json\/wp\/v2\/users\/2"}],"replies":[{"embeddable":true,"href":"https:\/\/nemo.hu\/blackvelvet\/wp-json\/wp\/v2\/comments?post=602"}],"version-history":[{"count":1,"href":"https:\/\/nemo.hu\/blackvelvet\/wp-json\/wp\/v2\/posts\/602\/revisions"}],"predecessor-version":[{"id":604,"href":"https:\/\/nemo.hu\/blackvelvet\/wp-json\/wp\/v2\/posts\/602\/revisions\/604"}],"wp:featuredmedia":[{"embeddable":true,"href":"https:\/\/nemo.hu\/blackvelvet\/wp-json\/wp\/v2\/media\/603"}],"wp:attachment":[{"href":"https:\/\/nemo.hu\/blackvelvet\/wp-json\/wp\/v2\/media?parent=602"}],"wp:term":[{"taxonomy":"category","embeddable":true,"href":"https:\/\/nemo.hu\/blackvelvet\/wp-json\/wp\/v2\/categories?post=602"},{"taxonomy":"post_tag","embeddable":true,"href":"https:\/\/nemo.hu\/blackvelvet\/wp-json\/wp\/v2\/tags?post=602"}],"curies":[{"name":"wp","href":"https:\/\/api.w.org\/{rel}","templated":true}]}}