{"id":593,"date":"2026-08-29T07:49:15","date_gmt":"2026-08-29T05:49:15","guid":{"rendered":"https:\/\/nemo.hu\/blackvelvet\/?p=593"},"modified":"2026-08-29T07:49:15","modified_gmt":"2026-08-29T05:49:15","slug":"szilvi-es-attila","status":"publish","type":"post","link":"https:\/\/nemo.hu\/blackvelvet\/szilvi-es-attila\/","title":{"rendered":"Szilvi \u00e9s Attila"},"content":{"rendered":"\n<p class=\"wp-block-paragraph\">Olyan zenekart kerest\u00fcnk a modern esk\u00fcv\u0151nkre, akik f\u0151k\u00e9nt nem mulat\u00f3s zen\u00e9t j\u00e1tszanak, fiatalok, lend\u00fcletesek \u00e9s vid\u00e1mak, ismerik a mai sl\u00e1gereket \u00e9s riadnak vissza egy-egy k\u00fclf\u00f6ldi dal \u00e9nekl\u00e9s\u00e9t\u0151l sem. Detti \u00e9s Szil\u00e1rd t\u00f6k\u00e9letesen kieg\u00e9sz\u00edtik egym\u00e1st a sz\u00ednpadon, a f\u00e9rfi \u00e9s n\u0151i \u00e9nek remek\u00fcl hangzik a dalokban \u00e9s persze a zenekar is profin h\u00fazza a talp al\u00e1 val\u00f3t. A Black Velvetben megtal\u00e1ltuk azt a zenekart, akik mindezt tudj\u00e1k \u00e9s \u00f6r\u00f6mmel hallottuk,hogy nem csak Budapest \u00e9s k\u00f6rny\u00e9k\u00e9n v\u00e1llalnak fell\u00e9p\u00e9st. Az esk\u00fcv\u0151nkkel kapcsolatos visszajelz\u00e9sek alapj\u00e1n is mondhatjuk, hogy remek buliz\u00f3s t\u00e1ncparketten ugr\u00e1l\u00f3s est\u00e9t tudhatunk magunk\u00e9nak.<\/p>\n\n\n\n<p class=\"wp-block-paragraph\">K\u00f6sz\u00f6nj\u00fck a Black Velvetnek!<\/p>\n\n\n\n<p class=\"wp-block-paragraph\">Rem\u00e9lj\u00fck m\u00e9g tal\u00e1lkozunk egy m\u00e1sik rendezv\u00e9ny keretein bel\u00fcl.<\/p>\n\n\n\n<p class=\"wp-block-paragraph\">Szilvi \u00e9s Attila<\/p>\n","protected":false},"excerpt":{"rendered":"<p>Olyan zenekart kerest\u00fcnk a modern esk\u00fcv\u0151nkre, akik f\u0151k\u00e9nt nem mulat\u00f3s zen\u00e9t j\u00e1tszanak, fiatalok, lend\u00fcletesek \u00e9s vid\u00e1mak, ismerik a mai sl\u00e1gereket \u00e9s riadnak vissza egy-egy k\u00fclf\u00f6ldi dal \u00e9nekl\u00e9s\u00e9t\u0151l sem. Detti \u00e9s Szil\u00e1rd t\u00f6k\u00e9letesen kieg\u00e9sz\u00edtik egym\u00e1st a sz\u00ednpadon, a f\u00e9rfi \u00e9s n\u0151i \u00e9nek remek\u00fcl hangzik a dalokban \u00e9s persze a zenekar is profin h\u00fazza a talp al\u00e1 [&hellip;]<\/p>\n","protected":false},"author":2,"featured_media":594,"comment_status":"open","ping_status":"open","sticky":false,"template":"","format":"standard","meta":{"footnotes":""},"categories":[7],"tags":[],"class_list":["post-593","post","type-post","status-publish","format-standard","has-post-thumbnail","hentry","category-rolunk-irtak"],"_links":{"self":[{"href":"https:\/\/nemo.hu\/blackvelvet\/wp-json\/wp\/v2\/posts\/593","targetHints":{"allow":["GET"]}}],"collection":[{"href":"https:\/\/nemo.hu\/blackvelvet\/wp-json\/wp\/v2\/posts"}],"about":[{"href":"https:\/\/nemo.hu\/blackvelvet\/wp-json\/wp\/v2\/types\/post"}],"author":[{"embeddable":true,"href":"https:\/\/nemo.hu\/blackvelvet\/wp-json\/wp\/v2\/users\/2"}],"replies":[{"embeddable":true,"href":"https:\/\/nemo.hu\/blackvelvet\/wp-json\/wp\/v2\/comments?post=593"}],"version-history":[{"count":1,"href":"https:\/\/nemo.hu\/blackvelvet\/wp-json\/wp\/v2\/posts\/593\/revisions"}],"predecessor-version":[{"id":595,"href":"https:\/\/nemo.hu\/blackvelvet\/wp-json\/wp\/v2\/posts\/593\/revisions\/595"}],"wp:featuredmedia":[{"embeddable":true,"href":"https:\/\/nemo.hu\/blackvelvet\/wp-json\/wp\/v2\/media\/594"}],"wp:attachment":[{"href":"https:\/\/nemo.hu\/blackvelvet\/wp-json\/wp\/v2\/media?parent=593"}],"wp:term":[{"taxonomy":"category","embeddable":true,"href":"https:\/\/nemo.hu\/blackvelvet\/wp-json\/wp\/v2\/categories?post=593"},{"taxonomy":"post_tag","embeddable":true,"href":"https:\/\/nemo.hu\/blackvelvet\/wp-json\/wp\/v2\/tags?post=593"}],"curies":[{"name":"wp","href":"https:\/\/api.w.org\/{rel}","templated":true}]}}