{"id":584,"date":"2026-08-29T07:44:01","date_gmt":"2026-08-29T05:44:01","guid":{"rendered":"https:\/\/nemo.hu\/blackvelvet\/?p=584"},"modified":"2026-08-29T07:44:01","modified_gmt":"2026-08-29T05:44:01","slug":"zenina-es-robi","status":"publish","type":"post","link":"https:\/\/nemo.hu\/blackvelvet\/zenina-es-robi\/","title":{"rendered":"Zenina \u00e9s Robi"},"content":{"rendered":"\n<p class=\"wp-block-paragraph\">Kedves Black Velvet Zenekar!<\/p>\n\n\n\n<p class=\"wp-block-paragraph\">Esk\u00fcv\u0151nk megszervez\u00e9sekor tal\u00e1n a legfontosabb feladat a j\u00f3 zenekar kiv\u00e1laszt\u00e1sa volt. Az internetet b\u00f6ng\u00e9szve tal\u00e1ltunk R\u00e1tok, majd egy fell\u00e9p\u00e9setekre is elment\u00fcnk, hogy meggy\u0151z\u0151dj\u00fcnk arr\u00f3l, biztosan j\u00f3 d\u00f6nt\u00e9st hoztunk.<\/p>\n\n\n\n<p class=\"wp-block-paragraph\">Nem csak a profizmusotok, hozz\u00e1\u00e1ll\u00e1sotok \u00e9s a tud\u00e1sotok megnyer\u0151, emberileg is fantasztikusak vagytok. Sz\u00f3 szerint reggelig mulattunk \u00e9s ez a Ti 110%-os teljes\u00edtm\u00e9nyeteknek volt k\u00f6sz\u00f6nhet\u0151. Mindig tudt\u00e1tok, hogy milyen zenei st\u00edlusra van sz\u00fcks\u00e9ge, az \u00e9ppen t\u00e1ncparketten l\u00e9v\u0151knek. Maxim\u00e1lis odaad\u00e1ssal zen\u00e9ltetek eg\u00e9sz \u00e9jjel \u00e9s ez\u00e9rt mi nagyon h\u00e1l\u00e1sak vagyunk. Mai napig emlegetik a fergeteges bulit \u00e9s mi b\u00fcszk\u00e9n, tiszta sz\u00edvb\u0151l aj\u00e1nljuk a zenekart mindenkinek.<\/p>\n\n\n\n<p class=\"wp-block-paragraph\">Zenina \u00e9s Robi<\/p>\n","protected":false},"excerpt":{"rendered":"<p>Kedves Black Velvet Zenekar! Esk\u00fcv\u0151nk megszervez\u00e9sekor tal\u00e1n a legfontosabb feladat a j\u00f3 zenekar kiv\u00e1laszt\u00e1sa volt. Az internetet b\u00f6ng\u00e9szve tal\u00e1ltunk R\u00e1tok, majd egy fell\u00e9p\u00e9setekre is elment\u00fcnk, hogy meggy\u0151z\u0151dj\u00fcnk arr\u00f3l, biztosan j\u00f3 d\u00f6nt\u00e9st hoztunk. Nem csak a profizmusotok, hozz\u00e1\u00e1ll\u00e1sotok \u00e9s a tud\u00e1sotok megnyer\u0151, emberileg is fantasztikusak vagytok. Sz\u00f3 szerint reggelig mulattunk \u00e9s ez a Ti 110%-os teljes\u00edtm\u00e9nyeteknek [&hellip;]<\/p>\n","protected":false},"author":2,"featured_media":585,"comment_status":"open","ping_status":"open","sticky":false,"template":"","format":"standard","meta":{"footnotes":""},"categories":[7],"tags":[],"class_list":["post-584","post","type-post","status-publish","format-standard","has-post-thumbnail","hentry","category-rolunk-irtak"],"_links":{"self":[{"href":"https:\/\/nemo.hu\/blackvelvet\/wp-json\/wp\/v2\/posts\/584","targetHints":{"allow":["GET"]}}],"collection":[{"href":"https:\/\/nemo.hu\/blackvelvet\/wp-json\/wp\/v2\/posts"}],"about":[{"href":"https:\/\/nemo.hu\/blackvelvet\/wp-json\/wp\/v2\/types\/post"}],"author":[{"embeddable":true,"href":"https:\/\/nemo.hu\/blackvelvet\/wp-json\/wp\/v2\/users\/2"}],"replies":[{"embeddable":true,"href":"https:\/\/nemo.hu\/blackvelvet\/wp-json\/wp\/v2\/comments?post=584"}],"version-history":[{"count":1,"href":"https:\/\/nemo.hu\/blackvelvet\/wp-json\/wp\/v2\/posts\/584\/revisions"}],"predecessor-version":[{"id":586,"href":"https:\/\/nemo.hu\/blackvelvet\/wp-json\/wp\/v2\/posts\/584\/revisions\/586"}],"wp:featuredmedia":[{"embeddable":true,"href":"https:\/\/nemo.hu\/blackvelvet\/wp-json\/wp\/v2\/media\/585"}],"wp:attachment":[{"href":"https:\/\/nemo.hu\/blackvelvet\/wp-json\/wp\/v2\/media?parent=584"}],"wp:term":[{"taxonomy":"category","embeddable":true,"href":"https:\/\/nemo.hu\/blackvelvet\/wp-json\/wp\/v2\/categories?post=584"},{"taxonomy":"post_tag","embeddable":true,"href":"https:\/\/nemo.hu\/blackvelvet\/wp-json\/wp\/v2\/tags?post=584"}],"curies":[{"name":"wp","href":"https:\/\/api.w.org\/{rel}","templated":true}]}}