{"id":577,"date":"2026-08-29T07:31:07","date_gmt":"2026-08-29T05:31:07","guid":{"rendered":"https:\/\/nemo.hu\/blackvelvet\/?p=577"},"modified":"2026-08-29T07:31:07","modified_gmt":"2026-08-29T05:31:07","slug":"david-azari-fruzsina-es-david-kornel","status":"publish","type":"post","link":"https:\/\/nemo.hu\/blackvelvet\/david-azari-fruzsina-es-david-kornel\/","title":{"rendered":"D\u00e1vid-Azari Fruzsina \u00e9s D\u00e1vid Korn\u00e9l"},"content":{"rendered":"\n<p class=\"wp-block-paragraph\">K\u00e9t \u00e9vvel ezel\u0151tt hallottam a Black Velvet zenekart egy esk\u00fcv\u0151n zen\u00e9lni. Azonnal megfogadtam, hogy ha nekem megk\u00e9rik a kezem, az \u00e9n esk\u00fcv\u0151m\u00f6n biztosan \u0151k fognak j\u00e1tszani. A l\u00e1nyk\u00e9r\u00e9s meg is t\u00f6rt\u00e9nt \u00e9s \u00e9n lelkesen mutattam a dem\u00f3 vide\u00f3jukat a (most m\u00e1r) f\u00e9rjemnek, aki m\u00e9g lelkesebben b\u00f3logatott, hogy j\u00f3 lesz , j\u00f3 lesz . Szerintem \u0151 akkor m\u00e9g nem is \u00e9rezte \u00e1t, hogy a zenekar v\u00e1laszt\u00e1snak mekkora s\u00falya van egy esk\u00fcv\u0151n. Az egyik legfontosabb, ha nem a legfontosabb l\u00e1ncszeme\u2026 Elj\u00f6tt a nagy nap, nagyon izgatottak voltunk, hogy minden j\u00f3l siker\u00fclj\u00f6n, tudtam\/ tudtuk, hogy a zen\u00e9vel nem lesz gond, de az\u00e9rt m\u00e9gis a t\u00e1rsas\u00e1gon is m\u00falik, hogy a hangulat v\u00e9g\u00fcl mennyire lesz emelkedett. \u00c1lmunkban nem gondoltuk volna, hogy v\u00e9gig t\u00e1ncolja a n\u00e1szn\u00e9p az eg\u00e9sz esk\u00fcv\u0151t \u00e9s a kem\u00e9ny mag (20-30 f\u0151) pedig reggelig nyomja\u2026 \u00c9let\u00fcnk legjobb \u00e9lm\u00e9nye volt \u00e9s ezt nagyban k\u00f6sz\u00f6nhetj\u00fck a Black Velvet-nek. Egyszer\u0171en olyan hangulatot tudnak var\u00e1zsolni, hogy az ember nem b\u00edr \u00fclve maradni\u2026 A reperto\u00e1rjuk nagyon sz\u00e9les, szinte b\u00e1rmit el tudnak j\u00e1tszani \u00e9s nagyon komolyan fel van \u00e9p\u00edtve az el\u0151ad\u00e1s. L\u00e1tszik, hogy profin van \u00f6sszerakva a banda, ahol mindenkinek megvan a helye.Ami nek\u00fcnk a min\u0151s\u00e9gi fell\u00e9p\u00e9sen t\u00fal extra \u00e9lm\u00e9nyt ny\u00fajtott:<br>\u2013Eleg\u00e1ns megjelen\u00e9s<br>\u2013Profizmus \u00e9s maximalizmus<br>\u2013J\u00f3l reag\u00e1lnak a n\u00e1szn\u00e9p ig\u00e9nyeire<br>\u2013Ig\u00e9nyes m\u0171sor, rengeteg belefektetett munka<br>Azt gondolom, hogy ann\u00e1l kiv\u00e1l\u00f3bb visszajelz\u00e9s nem kell a vend\u00e9geinkt\u0151l, mint hogy k\u00e9t bar\u00e1tn\u0151m is a Black Velvet-et akarta az esk\u00fcv\u0151j\u00fckre. Sajnos csak egyik\u0151j\u00fck\u00e9n fognak tudni zen\u00e9lni.<br>A legnagyobb nyugalommal aj\u00e1nlom \u0151ket a mai napig mindenkinek, mert tudom, hogy mindig a maximumot ny\u00fajtj\u00e1k \u00e9s soha nem okoznak csal\u00f3d\u00e1st \ud83d\ude42<\/p>\n\n\n\n<p class=\"wp-block-paragraph\">\u00dcdv\u00f6zlettel: D\u00e1vid-Azari Fruzsina \u00e9s D\u00e1vid Korn\u00e9l<\/p>\n","protected":false},"excerpt":{"rendered":"<p>K\u00e9t \u00e9vvel ezel\u0151tt hallottam a Black Velvet zenekart egy esk\u00fcv\u0151n zen\u00e9lni. Azonnal megfogadtam, hogy ha nekem megk\u00e9rik a kezem, az \u00e9n esk\u00fcv\u0151m\u00f6n biztosan \u0151k fognak j\u00e1tszani. A l\u00e1nyk\u00e9r\u00e9s meg is t\u00f6rt\u00e9nt \u00e9s \u00e9n lelkesen mutattam a dem\u00f3 vide\u00f3jukat a (most m\u00e1r) f\u00e9rjemnek, aki m\u00e9g lelkesebben b\u00f3logatott, hogy j\u00f3 lesz , j\u00f3 lesz . Szerintem \u0151 [&hellip;]<\/p>\n","protected":false},"author":2,"featured_media":578,"comment_status":"open","ping_status":"open","sticky":false,"template":"","format":"standard","meta":{"footnotes":""},"categories":[7],"tags":[],"class_list":["post-577","post","type-post","status-publish","format-standard","has-post-thumbnail","hentry","category-rolunk-irtak"],"_links":{"self":[{"href":"https:\/\/nemo.hu\/blackvelvet\/wp-json\/wp\/v2\/posts\/577","targetHints":{"allow":["GET"]}}],"collection":[{"href":"https:\/\/nemo.hu\/blackvelvet\/wp-json\/wp\/v2\/posts"}],"about":[{"href":"https:\/\/nemo.hu\/blackvelvet\/wp-json\/wp\/v2\/types\/post"}],"author":[{"embeddable":true,"href":"https:\/\/nemo.hu\/blackvelvet\/wp-json\/wp\/v2\/users\/2"}],"replies":[{"embeddable":true,"href":"https:\/\/nemo.hu\/blackvelvet\/wp-json\/wp\/v2\/comments?post=577"}],"version-history":[{"count":1,"href":"https:\/\/nemo.hu\/blackvelvet\/wp-json\/wp\/v2\/posts\/577\/revisions"}],"predecessor-version":[{"id":579,"href":"https:\/\/nemo.hu\/blackvelvet\/wp-json\/wp\/v2\/posts\/577\/revisions\/579"}],"wp:featuredmedia":[{"embeddable":true,"href":"https:\/\/nemo.hu\/blackvelvet\/wp-json\/wp\/v2\/media\/578"}],"wp:attachment":[{"href":"https:\/\/nemo.hu\/blackvelvet\/wp-json\/wp\/v2\/media?parent=577"}],"wp:term":[{"taxonomy":"category","embeddable":true,"href":"https:\/\/nemo.hu\/blackvelvet\/wp-json\/wp\/v2\/categories?post=577"},{"taxonomy":"post_tag","embeddable":true,"href":"https:\/\/nemo.hu\/blackvelvet\/wp-json\/wp\/v2\/tags?post=577"}],"curies":[{"name":"wp","href":"https:\/\/api.w.org\/{rel}","templated":true}]}}